[{"@context":"https:\/\/schema.org\/","@type":"Article","@id":"https:\/\/www.apasat.cz\/proc-sverit-vyklizeni-bytu-v-praze-profesionalum\/#Article","mainEntityOfPage":"https:\/\/www.apasat.cz\/proc-sverit-vyklizeni-bytu-v-praze-profesionalum\/","headline":"Pro\u010d sv\u011b\u0159it vyklizen\u00ed bytu v Praze profesion\u00e1l\u016fm","name":"Pro\u010d sv\u011b\u0159it vyklizen\u00ed bytu v Praze profesion\u00e1l\u016fm","description":"Poz\u016fstalost Vykl\u00edzen\u00ed poz\u016fstalost\u00ed je natolik nep\u0159\u00edjemn\u00e1 v\u011bc, \u017ee lze st\u011b\u017e\u00ed popsat psychick\u00e1 traumata n\u011bkomu, kdo to neza\u017eil p\u0159\u00edmo na vlastn\u00ed k\u016f\u017ei. Jestli\u017ee v\u00e1m odejde otec, matka, prarodi\u010de nebo teta, tedy lid\u00e9, kter\u00e9 jste milovali, a v\u00edte, \u017ee se s nimi ji\u017e nesetk\u00e1te (alespo\u0148 na t\u00e9to planet\u011b ne a v jejich p\u016fvodn\u00ed podob\u011b), a m\u00e1te r\u00e1zem [&hellip;]","datePublished":"2024-01-08","dateModified":"2024-05-14","author":{"@type":"Person","@id":"https:\/\/www.apasat.cz\/author\/#Person","name":"","url":"https:\/\/www.apasat.cz\/author\/","identifier":1,"image":{"@type":"ImageObject","@id":"https:\/\/secure.gravatar.com\/avatar\/091b4d684e9af597ec9885a078917281e353fb1084ff05c94355123dbb14e899?s=96&d=mm&r=g","url":"https:\/\/secure.gravatar.com\/avatar\/091b4d684e9af597ec9885a078917281e353fb1084ff05c94355123dbb14e899?s=96&d=mm&r=g","height":96,"width":96}},"publisher":{"@type":"Organization","name":"apasat.cz","logo":{"@type":"ImageObject","@id":"\/logo.png","url":"\/logo.png","width":600,"height":60}},"image":{"@type":"ImageObject","@id":"https:\/\/www.apasat.cz\/wp-content\/uploads\/apartment-1835482_640_5.jpg","url":"https:\/\/www.apasat.cz\/wp-content\/uploads\/apartment-1835482_640_5.jpg","height":0,"width":0},"url":"https:\/\/www.apasat.cz\/proc-sverit-vyklizeni-bytu-v-praze-profesionalum\/","about":["Internet"],"wordCount":418,"articleBody":"      Poz\u016fstalostVykl\u00edzen\u00ed poz\u016fstalost\u00ed je natolik nep\u0159\u00edjemn\u00e1 v\u011bc, \u017ee lze st\u011b\u017e\u00ed popsat psychick\u00e1 traumata n\u011bkomu, kdo to neza\u017eil p\u0159\u00edmo na vlastn\u00ed k\u016f\u017ei. Jestli\u017ee v\u00e1m odejde otec, matka, prarodi\u010de nebo teta, tedy lid\u00e9, kter\u00e9 jste milovali, a v\u00edte, \u017ee se s nimi ji\u017e nesetk\u00e1te (alespo\u0148 na t\u00e9to planet\u011b ne a v jejich p\u016fvodn\u00ed podob\u011b), a m\u00e1te r\u00e1zem vyklidit byt a dot\u00fdkat se v\u011bc\u00ed, kter\u00e9 doty\u010dn\u00ed u\u017e\u00edvali, m\u016f\u017eete se z toho i psychicky zhroutit. N\u011bkdo m\u016f\u017ee skon\u010dit i v psychiatrick\u00e9 l\u00e9\u010debn\u011b nebo alespo\u0148 v ordinaci psychiatra. Pro tyto p\u0159\u00edpady jsou tu k dispozici vykl\u00edzec\u00ed firmy, p\u0159ed\u00e1te jim pouze kl\u00ed\u010de od domu, a o nic v\u00edc se nestar\u00e1te. N\u011bkdy je lep\u0161\u00ed vyklizen\u00fd objekt nafotit a sv\u011b\u0159it realitn\u00ed kancel\u00e1\u0159i k prodeji a koupit pak n\u011bco jin\u00e9ho.Velk\u00e1 a t\u011b\u017ek\u00e1 b\u0159emenaKa\u017ed\u00fd nem\u016f\u017ee p\u0159en\u00e1\u0161et t\u011b\u017ek\u00e9 p\u0159edm\u011bty, jsou lid\u00e9, co maj\u00ed sp\u00ed\u0161e drobnou postavu, nejsou zvykl\u00ed na velkou fyzickou n\u00e1mahu a zved\u00e1n\u00ed takov\u00fdch p\u0159edm\u011bt\u016f se jim pak m\u016f\u017ee st\u00e1t osudn\u00fdm. Mezi n\u00e1mi \u017eij\u00ed klav\u00edrist\u00e9, b\u00e1sn\u00edci, mal\u00ed\u0159i, hudebn\u00edci, a od t\u011bchto lid\u00ed nem\u016f\u017eete o\u010dek\u00e1vat, \u017ee budou obden v posilovn\u011b zvedat stokilov\u00e9 \u010dinky. Vykl\u00edzen\u00ed dom\u016f a byt\u016f si zad\u00e1vaj\u00ed tak\u00e9 \u017eeny, senio\u0159i a lid\u00e9 chronicky nemocn\u00ed, a n\u011bkdy i upoutan\u00ed na invalidn\u00ed voz\u00edk, a tak bu\u010fme r\u00e1di, \u017ee existuj\u00ed specialist\u00e9 na t\u011b\u017ekou pr\u00e1ci, a \u017ee jsou k dispozici prakticky po cel\u00fd rok.Prach a ne\u010distotyNe ka\u017ed\u00fd je p\u0159ipraven na to, obl\u00e9knout mont\u00e9rky, rukavice a pevnou pracovn\u00ed obuv a pustit se do vykl\u00edzen\u00ed bytu v Praze, kter\u00fd je o\u010dividn\u011b zanedban\u00fd. M\u016f\u017eete se tu setkat se spoustou prachu, a jakmile se rozv\u00ed\u0159\u00ed do ovzdu\u0161\u00ed, je to potenci\u00e1ln\u00ed alergen. Ve spojen\u00ed s pl\u00edsn\u011bmi a rozto\u010di vysloven\u011b nechutn\u00e9 pracovn\u00ed prost\u0159ed\u00ed, a paradoxn\u011b jsou na tom l\u00e9pe lid\u00e9 v tov\u00e1rn\u011b, v klimatizovan\u00e9m prost\u0159ed\u00ed, s odsava\u010di exhalac\u00ed. Jestli\u017ee vn\u00edm\u00e1te, \u017ee se tu s n\u011b\u010d\u00edm takov\u00fdm budete pot\u00fdkat, a je to pro v\u00e1s obt\u00ed\u017en\u011b akceptovateln\u00e9, oslovte vykl\u00edzec\u00ed firmu, kter\u00e1 s podobn\u00fdmi situacemi po\u010d\u00edt\u00e1 ji\u017e p\u0159edem.                                                                                                                                                                                                                                                                                                                                                                                          4.7\/5 - (7 votes)        "},{"@context":"https:\/\/schema.org\/","@type":"BreadcrumbList","itemListElement":[{"@type":"ListItem","position":1,"name":"Pro\u010d sv\u011b\u0159it vyklizen\u00ed bytu v Praze profesion\u00e1l\u016fm","item":"https:\/\/www.apasat.cz\/proc-sverit-vyklizeni-bytu-v-praze-profesionalum\/#breadcrumbitem"}]}]