{"@context":"https:\/\/schema.org\/","@type":"CollectionPage","@id":"https:\/\/www.apasat.cz\/dovolena\/#CollectionPage","headline":"Dovolen\u00e1\r Category","description":"","url":"https:\/\/www.apasat.cz\/dovolena\/","hasPart":[{"@type":"Article","@id":"https:\/\/www.apasat.cz\/nizozemsko-zeme-tulipanu-a-obrazu\/","headline":"Nizozemsko, zem\u011b tulip\u00e1n\u016f a obraz\u016f","url":"https:\/\/www.apasat.cz\/nizozemsko-zeme-tulipanu-a-obrazu\/","datePublished":"2019-12-20","dateModified":"2023-05-06","mainEntityOfPage":"https:\/\/www.apasat.cz\/nizozemsko-zeme-tulipanu-a-obrazu\/","author":{"@type":"Person","@id":"https:\/\/www.apasat.cz\/author\/#Person","name":"","url":"https:\/\/www.apasat.cz\/author\/","identifier":1,"image":{"@type":"ImageObject","@id":"https:\/\/secure.gravatar.com\/avatar\/091b4d684e9af597ec9885a078917281e353fb1084ff05c94355123dbb14e899?s=96&d=mm&r=g","url":"https:\/\/secure.gravatar.com\/avatar\/091b4d684e9af597ec9885a078917281e353fb1084ff05c94355123dbb14e899?s=96&d=mm&r=g","height":96,"width":96}},"publisher":{"@type":"Organization","name":"apasat.cz","logo":{"@type":"ImageObject","@id":"\/logo.png","url":"\/logo.png","width":600,"height":60}},"image":{"@type":"ImageObject","@id":"https:\/\/www.apasat.cz\/wp-content\/uploads\/img_a362733_w3300_t1575749419.jpg","url":"https:\/\/www.apasat.cz\/wp-content\/uploads\/img_a362733_w3300_t1575749419.jpg","height":0,"width":0},"keywords":null},{"@type":"Article","@id":"https:\/\/www.apasat.cz\/mikulov-je-presne-takovym-idealnim-mistem\/","headline":"Mikulov je p\u0159esn\u011b takov\u00fdm ide\u00e1ln\u00edm m\u00edstem","url":"https:\/\/www.apasat.cz\/mikulov-je-presne-takovym-idealnim-mistem\/","datePublished":"2019-09-12","dateModified":"2023-05-06","mainEntityOfPage":"https:\/\/www.apasat.cz\/mikulov-je-presne-takovym-idealnim-mistem\/","author":{"@type":"Person","@id":"https:\/\/www.apasat.cz\/author\/#Person","name":"","url":"https:\/\/www.apasat.cz\/author\/","identifier":1,"image":{"@type":"ImageObject","@id":"https:\/\/secure.gravatar.com\/avatar\/091b4d684e9af597ec9885a078917281e353fb1084ff05c94355123dbb14e899?s=96&d=mm&r=g","url":"https:\/\/secure.gravatar.com\/avatar\/091b4d684e9af597ec9885a078917281e353fb1084ff05c94355123dbb14e899?s=96&d=mm&r=g","height":96,"width":96}},"publisher":{"@type":"Organization","name":"apasat.cz","logo":{"@type":"ImageObject","@id":"\/logo.png","url":"\/logo.png","width":600,"height":60}},"image":{"@type":"ImageObject","@id":"https:\/\/www.apasat.cz\/wp-content\/uploads\/img_a344747_w1681_t1558597368.jpg","url":"https:\/\/www.apasat.cz\/wp-content\/uploads\/img_a344747_w1681_t1558597368.jpg","height":0,"width":0},"keywords":null},{"@type":"Article","@id":"https:\/\/www.apasat.cz\/zazitkova-dovolena-v-lecivych-madarskych-termalech\/","headline":"Z\u00e1\u017eitkov\u00e1 dovolen\u00e1 v l\u00e9\u010div\u00fdch ma\u010farsk\u00fdch term\u00e1lech","url":"https:\/\/www.apasat.cz\/zazitkova-dovolena-v-lecivych-madarskych-termalech\/","datePublished":"2019-08-14","dateModified":"2023-05-06","mainEntityOfPage":"https:\/\/www.apasat.cz\/zazitkova-dovolena-v-lecivych-madarskych-termalech\/","author":{"@type":"Person","@id":"https:\/\/www.apasat.cz\/author\/#Person","name":"","url":"https:\/\/www.apasat.cz\/author\/","identifier":1,"image":{"@type":"ImageObject","@id":"https:\/\/secure.gravatar.com\/avatar\/091b4d684e9af597ec9885a078917281e353fb1084ff05c94355123dbb14e899?s=96&d=mm&r=g","url":"https:\/\/secure.gravatar.com\/avatar\/091b4d684e9af597ec9885a078917281e353fb1084ff05c94355123dbb14e899?s=96&d=mm&r=g","height":96,"width":96}},"publisher":{"@type":"Organization","name":"apasat.cz","logo":{"@type":"ImageObject","@id":"\/logo.png","url":"\/logo.png","width":600,"height":60}},"image":{"@type":"ImageObject","@id":"https:\/\/www.apasat.cz\/wp-content\/uploads\/img_a352926_w3157_t1567262784.jpg","url":"https:\/\/www.apasat.cz\/wp-content\/uploads\/img_a352926_w3157_t1567262784.jpg","height":0,"width":0},"keywords":null},{"@type":"Article","@id":"https:\/\/www.apasat.cz\/vezmete-si-kolo-s-sebou\/","headline":"Vezm\u011bte si kolo s sebou","url":"https:\/\/www.apasat.cz\/vezmete-si-kolo-s-sebou\/","datePublished":"2018-09-20","dateModified":"2023-05-06","mainEntityOfPage":"https:\/\/www.apasat.cz\/vezmete-si-kolo-s-sebou\/","author":{"@type":"Person","@id":"https:\/\/www.apasat.cz\/author\/#Person","name":"","url":"https:\/\/www.apasat.cz\/author\/","identifier":1,"image":{"@type":"ImageObject","@id":"https:\/\/secure.gravatar.com\/avatar\/091b4d684e9af597ec9885a078917281e353fb1084ff05c94355123dbb14e899?s=96&d=mm&r=g","url":"https:\/\/secure.gravatar.com\/avatar\/091b4d684e9af597ec9885a078917281e353fb1084ff05c94355123dbb14e899?s=96&d=mm&r=g","height":96,"width":96}},"publisher":{"@type":"Organization","name":"apasat.cz","logo":{"@type":"ImageObject","@id":"\/logo.png","url":"\/logo.png","width":600,"height":60}},"image":{"@type":"ImageObject","@id":"https:\/\/www.apasat.cz\/wp-content\/uploads\/img_a325675_w2375_t1537688733.jpg","url":"https:\/\/www.apasat.cz\/wp-content\/uploads\/img_a325675_w2375_t1537688733.jpg","height":0,"width":0},"keywords":null}]}