[{"@context":"https:\/\/schema.org\/","@type":"Article","@id":"https:\/\/www.apasat.cz\/bojujte-se-sennou-rymou\/#Article","mainEntityOfPage":"https:\/\/www.apasat.cz\/bojujte-se-sennou-rymou\/","headline":"Bojujte se sennou r\u00fdmou","name":"Bojujte se sennou r\u00fdmou","description":"Senn\u00e1 r\u00fdma dovede posti\u017een\u00e9ho \u010dlov\u011bka p\u011bkn\u011b potr\u00e1pit. Nejedn\u00e1 se o r\u00fdmu, jako takovou, ale jej\u00ed p\u0159\u00edznaky jsou velmi podobn\u00e9. Mo\u017en\u00e1 ani ze za\u010d\u00e1tku nepozn\u00e1te, \u017ee se o sennou r\u00fdmu jedn\u00e1. V\u00fdtok z nosu, p\u00e1len\u00ed sliznic, sv\u011bd\u00edc\u00ed o\u010di, to v\u0161e m\u016f\u017ee sennou r\u00fdmu prov\u00e1zet. Pokud m\u00e1te podez\u0159en\u00ed, \u017ee senn\u00e1 r\u00fdma je pr\u00e1v\u011b v\u00e1\u0161 probl\u00e9m, nav\u0161tivte l\u00e9ka\u0159e. [&hellip;]","datePublished":"2019-12-24","dateModified":"2023-05-06","author":{"@type":"Person","@id":"https:\/\/www.apasat.cz\/author\/#Person","name":"","url":"https:\/\/www.apasat.cz\/author\/","identifier":1,"image":{"@type":"ImageObject","@id":"https:\/\/secure.gravatar.com\/avatar\/091b4d684e9af597ec9885a078917281e353fb1084ff05c94355123dbb14e899?s=96&d=mm&r=g","url":"https:\/\/secure.gravatar.com\/avatar\/091b4d684e9af597ec9885a078917281e353fb1084ff05c94355123dbb14e899?s=96&d=mm&r=g","height":96,"width":96}},"publisher":{"@type":"Organization","name":"apasat.cz","logo":{"@type":"ImageObject","@id":"\/logo.png","url":"\/logo.png","width":600,"height":60}},"image":{"@type":"ImageObject","@id":"https:\/\/www.apasat.cz\/wp-content\/uploads\/img_a362705_w3157_t1575743670.jpg","url":"https:\/\/www.apasat.cz\/wp-content\/uploads\/img_a362705_w3157_t1575743670.jpg","height":0,"width":0},"url":"https:\/\/www.apasat.cz\/bojujte-se-sennou-rymou\/","about":["Zdrav\u00ed"],"wordCount":440,"articleBody":"Senn\u00e1 r\u00fdma dovede posti\u017een\u00e9ho \u010dlov\u011bka p\u011bkn\u011b potr\u00e1pit. Nejedn\u00e1 se o r\u00fdmu, jako takovou, ale jej\u00ed p\u0159\u00edznaky jsou velmi podobn\u00e9. Mo\u017en\u00e1 ani ze za\u010d\u00e1tku nepozn\u00e1te, \u017ee se o sennou r\u00fdmu jedn\u00e1. V\u00fdtok z nosu, p\u00e1len\u00ed sliznic, sv\u011bd\u00edc\u00ed o\u010di, to v\u0161e m\u016f\u017ee sennou r\u00fdmu prov\u00e1zet. Pokud m\u00e1te podez\u0159en\u00ed, \u017ee senn\u00e1 r\u00fdma je pr\u00e1v\u011b v\u00e1\u0161 probl\u00e9m, nav\u0161tivte l\u00e9ka\u0159e. Mo\u017en\u00e1 zjist\u00edte, \u017ee se pr\u00e1v\u011b u v\u00e1s bude jednat o alergickou reakci na rozto\u010de, pyly, pl\u00edsn\u011b nebo na srst zv\u00ed\u0159ec\u00edch mazl\u00ed\u010dk\u016f.N\u011bkte\u0159\u00ed lid\u00e9, kte\u0159\u00ed trp\u00ed sennou r\u00fdmou poc\u00edt\u00ed jej\u00ed p\u0159\u00edznaky zvl\u00e1\u0161\u0165 v jarn\u00edm obdob\u00ed, kdy za\u010d\u00ednaj\u00ed kv\u00e9st rostliny a stromy. Jedni se s t\u00edmto probl\u00e9mem pot\u00fdkaj\u00ed l\u00e9pe, jin\u00ed maj\u00ed reakce bou\u0159liv\u00e9. U t\u011bchto citliv\u011bj\u0161\u00edch jedinc\u016f, m\u016f\u017ee doj\u00edt k v\u011bt\u0161\u00edm zdravotn\u00edm komplikac\u00edm ve form\u011b astmatu nebo z\u00e1n\u011bt\u016f sliznice \u010di st\u0159edn\u00edho ucha. Pokud nav\u0161t\u00edv\u00edte l\u00e9ka\u0159e, nejsp\u00ed\u0161 budete odesl\u00e1ni na alergologii, kde v\u00e1s podrobn\u011b vy\u0161et\u0159\u00ed a ujist\u00ed, na jak\u00e9 l\u00e1tky je va\u0161e t\u011blo alergick\u00e9. V takov\u00e9m p\u0159\u00edpad\u011b obdr\u017e\u00edte odpov\u00eddaj\u00edc\u00ed l\u00e9\u010dbu, kter\u00e1 p\u0159\u00edznaky senn\u00e9 r\u00fdmy zm\u00edrn\u00ed. Nej\u010dast\u011bj\u0161\u00ed p\u0159\u00ed\u010dinnou alergi\u00ed je podr\u00e1\u017ed\u011bn\u00ed pyly, rozto\u010di a srst\u00ed dom\u00e1c\u00edch mazl\u00ed\u010dk\u016f. Abychom mohli \u00fa\u010dinn\u011b proti zdravotn\u00edmu probl\u00e9mu bojovat, mus\u00edme se sna\u017eit vyh\u00fdbat alergen\u016fm, kter\u00e9 jsou pro n\u00e1s spou\u0161t\u011b\u010dem. Alergici na pyl by v dob\u011b kritick\u00e9 sez\u00f3ny m\u011bli omezit pobyt venku. V p\u0159\u00edpad\u011b alergie na srst a rozto\u010de, se mus\u00edme sna\u017eit, udr\u017eet dom\u00e1cnost v maxim\u00e1ln\u00ed \u010distot\u011b.Rozto\u010d\u016f se m\u016f\u017eeme zbavit velmi t\u011b\u017ece, ale prevenc\u00ed je absence z\u00e1clon, z\u00e1v\u011bs\u016f, p\u00e9\u0159ov\u00fdch pokr\u00fdvek, koberc\u016f a \u010daloun\u011bn\u00ed. P\u0159i n\u00e1kupu p\u0159ikr\u00fdvek a pol\u0161t\u00e1\u0159\u016f by si alergici na rozto\u010de m\u011bli vyb\u00edrat materi\u00e1ly, kter\u00e9 snesou \u010dast\u00e9 pran\u00ed, alespo\u0148 na \u0161edes\u00e1t stup\u0148\u016f. P\u0159edch\u00e1zet bychom m\u011bli tak\u00e9 pl\u00edsn\u00edm, kter\u00e9 se mohou v dom\u00e1cnosti objevovat. Zvl\u00e1\u0161\u0165 vlhk\u00e9 a m\u00e1lo v\u011btran\u00e9 m\u00edstnosti, k tvorb\u011b pl\u00edsn\u00ed inklinuj\u00ed. Pokud mo\u017eno o\u0161et\u0159ete m\u00edsta s pl\u00edsn\u00ed p\u0159\u00edslu\u0161n\u00fdm p\u0159\u00edpravkem a sna\u017ete se co nejv\u00edce napaden\u00e9 prostory v\u011btrat.                                                                                                                                                                                                                                                                                                                                                                                        3.3\/5 - (9 votes)        "},{"@context":"https:\/\/schema.org\/","@type":"BreadcrumbList","itemListElement":[{"@type":"ListItem","position":1,"name":"Bojujte se sennou r\u00fdmou","item":"https:\/\/www.apasat.cz\/bojujte-se-sennou-rymou\/#breadcrumbitem"}]}]